{"id":7216,"date":"2025-03-18T17:17:39","date_gmt":"2025-03-18T16:17:39","guid":{"rendered":"https:\/\/moversbyfue.com\/secciones\/?p=7216"},"modified":"2025-05-07T10:42:41","modified_gmt":"2025-05-07T08:42:41","slug":"movers-by-fue-la-octava-edicion-esta-en-marcha","status":"publish","type":"post","link":"https:\/\/moversbyfue.com\/secciones\/movers-by-fue-la-octava-edicion-esta-en-marcha\/","title":{"rendered":"Movers by FUE: La octava edici\u00f3n est\u00e1 en marcha"},"content":{"rendered":"\n<p>Nos emociona anunciar que ya estamos preparando la octava edici\u00f3n de Movers by FUE, el programa que impulsa a los mejores talentos hacia una carrera profesional de alto impacto. Como en cada edici\u00f3n, seleccionamos a los candidatos m\u00e1s destacados que han realizado su beca con la FUE en 2024, brind\u00e1ndoles una oportunidad \u00fanica de crecimiento y aprendizaje.<\/p>\n\n\n\n<h3 class=\"wp-block-heading\">\u00bfQu\u00e9 es Movers by FUE?<\/h3>\n\n\n\n<p>Movers by FUE es mucho m\u00e1s que un programa de desarrollo profesional: es una experiencia transformadora dise\u00f1ada para potenciar el talento joven y conectar a los participantes con oportunidades laborales de alto nivel. A trav\u00e9s de un proceso de selecci\u00f3n riguroso, elegimos a los becarios con mayor proyecci\u00f3n y habilidades para participar en una serie de actividades formativas, encuentros con expertos y oportunidades de networking que marcar\u00e1n un antes y un despu\u00e9s en su carrera.<\/p>\n\n\n\n<p>El programa ofrece:<\/p>\n\n\n\n<ul>\n<li><strong>Formaci\u00f3n exclusiva<\/strong> con expertos en diferentes sectores.<\/li>\n\n\n\n<li><strong>Mentor\u00eda personalizada<\/strong> para guiar el desarrollo profesional de cada participante.<\/li>\n\n\n\n<li><strong>Acceso a una red de contactos<\/strong> de empresas l\u00edderes y profesionales de referencia.<\/li>\n\n\n\n<li><strong>Oportunidades para destacar<\/strong> y conectar con empresas que buscan talento.<\/li>\n<\/ul>\n\n\n\n<p><\/p>\n\n\n\n<p><\/p>\n\n\n\n<figure class=\"wp-block-embed is-type-video is-provider-youtube wp-block-embed-youtube wp-embed-aspect-16-9 wp-has-aspect-ratio\"><div class=\"wp-block-embed__wrapper\">\n<iframe loading=\"lazy\" title=\"\u00bfQuieres ser un Mover by FUE? | 8\u00aa Edici\u00f3n de Movers\" width=\"1500\" height=\"844\" src=\"https:\/\/www.youtube.com\/embed\/Lr-8S6yWOdI?feature=oembed\" frameborder=\"0\" allow=\"accelerometer; autoplay; clipboard-write; encrypted-media; gyroscope; picture-in-picture; web-share\" referrerpolicy=\"strict-origin-when-cross-origin\" allowfullscreen><\/iframe>\n<\/div><\/figure>\n\n\n\n<h3 class=\"wp-block-heading\">Impacto y trayectoria de Movers by FUE<\/h3>\n\n\n\n<p>Desde su primera edici\u00f3n, Movers by FUE ha impulsado a cientos de j\u00f3venes profesionales, ayud\u00e1ndolos a alcanzar sus objetivos laborales y personales. Muchos de nuestros antiguos Movers han conseguido posiciones clave en grandes empresas, han iniciado sus propios proyectos o han seguido desarrollando sus habilidades en sectores altamente competitivos.<\/p>\n\n\n\n<p>En cada edici\u00f3n, nos aseguramos de ofrecer una experiencia que no solo les permita aprender, sino tambi\u00e9n generar conexiones valiosas y abrir nuevas puertas. El feedback de ediciones anteriores ha sido excepcional, destacando el impacto positivo que el programa ha tenido en la confianza, habilidades y oportunidades laborales de los participantes.<\/p>\n\n\n\n<h3 class=\"wp-block-heading\">La octava edici\u00f3n: Lo que viene<\/h3>\n\n\n\n<p>Este a\u00f1o, la octava edici\u00f3n de Movers by FUE promete ser m\u00e1s innovadora y enriquecedora que nunca. Hemos preparado una serie de actividades que desafiar\u00e1n a los participantes a desarrollar su potencial al m\u00e1ximo.<\/p>\n\n\n\n<p>Pronto compartiremos m\u00e1s detalles y el video promocional de esta nueva edici\u00f3n. Si quieres conocer m\u00e1s sobre el programa y las historias de \u00e9xito de ediciones anteriores, estate atento a nuestras redes sociales.<\/p>\n\n\n\n<p>&#x1f31f; \u00a1Seguimos apostando por el talento joven y su futuro profesional!<\/p>\n","protected":false},"excerpt":{"rendered":"<p>Nos emociona anunciar que ya estamos preparando la octava edici\u00f3n de Movers by FUE, el programa que impulsa a los mejores talentos hacia una carrera profesional de&#8230;<\/p>\n","protected":false},"author":3,"featured_media":7218,"comment_status":"closed","ping_status":"open","sticky":false,"template":"","format":"standard","meta":{"footnotes":""},"categories":[46],"tags":[35,32,37],"_links":{"self":[{"href":"https:\/\/moversbyfue.com\/secciones\/wp-json\/wp\/v2\/posts\/7216"}],"collection":[{"href":"https:\/\/moversbyfue.com\/secciones\/wp-json\/wp\/v2\/posts"}],"about":[{"href":"https:\/\/moversbyfue.com\/secciones\/wp-json\/wp\/v2\/types\/post"}],"author":[{"embeddable":true,"href":"https:\/\/moversbyfue.com\/secciones\/wp-json\/wp\/v2\/users\/3"}],"replies":[{"embeddable":true,"href":"https:\/\/moversbyfue.com\/secciones\/wp-json\/wp\/v2\/comments?post=7216"}],"version-history":[{"count":1,"href":"https:\/\/moversbyfue.com\/secciones\/wp-json\/wp\/v2\/posts\/7216\/revisions"}],"predecessor-version":[{"id":7217,"href":"https:\/\/moversbyfue.com\/secciones\/wp-json\/wp\/v2\/posts\/7216\/revisions\/7217"}],"wp:featuredmedia":[{"embeddable":true,"href":"https:\/\/moversbyfue.com\/secciones\/wp-json\/wp\/v2\/media\/7218"}],"wp:attachment":[{"href":"https:\/\/moversbyfue.com\/secciones\/wp-json\/wp\/v2\/media?parent=7216"}],"wp:term":[{"taxonomy":"category","embeddable":true,"href":"https:\/\/moversbyfue.com\/secciones\/wp-json\/wp\/v2\/categories?post=7216"},{"taxonomy":"post_tag","embeddable":true,"href":"https:\/\/moversbyfue.com\/secciones\/wp-json\/wp\/v2\/tags?post=7216"}],"curies":[{"name":"wp","href":"https:\/\/api.w.org\/{rel}","templated":true}]}}