{"id":7162,"date":"2024-06-15T16:07:00","date_gmt":"2024-06-15T14:07:00","guid":{"rendered":"https:\/\/moversbyfue.com\/secciones\/?p=7162"},"modified":"2025-05-07T10:44:15","modified_gmt":"2025-05-07T08:44:15","slug":"dia-de-conexiones-y-oportunidades-en-el-cuarto-dia-de-movers-by-fue-en-ee-uu","status":"publish","type":"post","link":"https:\/\/moversbyfue.com\/secciones\/dia-de-conexiones-y-oportunidades-en-el-cuarto-dia-de-movers-by-fue-en-ee-uu\/","title":{"rendered":"D\u00eda de Conexiones y Oportunidades en el Cuarto D\u00eda de Movers by FUE en EE.UU."},"content":{"rendered":"\n<p>El cuarto d\u00eda de nuestra experiencia en Movers by FUE ha estado cargado de encuentros valiosos en la vibrante ciudad de Nueva York. Iniciamos la jornada en la <a href=\"https:\/\/spainuschamber.com\/en\/\">Spain-US Chamber of Commerce<\/a>, donde nos recibi\u00f3 su directora, <a href=\"https:\/\/www.linkedin.com\/in\/gemma-cortijo\/\">Gemma Cortijo<\/a>. Durante el encuentro, Gemma comparti\u00f3 su visi\u00f3n sobre las relaciones empresariales entre Espa\u00f1a y Estados Unidos y c\u00f3mo esta c\u00e1mara de comercio fomenta las oportunidades para emprendedores y empresas de ambos pa\u00edses.<\/p>\n\n\n\n<p>Nuestro siguiente destino fue Brooklyn, donde <a href=\"https:\/\/www.linkedin.com\/in\/hasier-larrea\/\">Hasier Larrea,<\/a> fundador de<a href=\"https:\/\/www.oriliving.com\/\"> Ori Living,<\/a> nos dio la bienvenida en su innovador estudio. Ori Living es reconocido por sus soluciones de dise\u00f1o inteligente y espacios transformables, y durante nuestra visita, Hasier nos mostr\u00f3 c\u00f3mo est\u00e1n revolucionando el concepto de vivienda urbana en espacios reducidos. Fue una experiencia inspiradora, especialmente para quienes buscan aplicar la creatividad y la tecnolog\u00eda en el dise\u00f1o de interiores.<\/p>\n\n\n\n<p>M\u00e1s tarde, fuimos al hist\u00f3rico New York City Hall acompa\u00f1ados por Sergio Pardo, destacado administrador de artes, curador y arquitecto. La visita nos permiti\u00f3 entender de primera mano la importancia del arte y la arquitectura en la preservaci\u00f3n cultural de una ciudad tan din\u00e1mica como Nueva York. Sergio comparti\u00f3 su perspectiva sobre la intersecci\u00f3n del arte y la administraci\u00f3n p\u00fablica, brind\u00e1ndonos una nueva forma de ver el impacto cultural en la sociedad.<\/p>\n\n\n\n<p>Para cerrar este intenso d\u00eda, por la tarde tuvimos otro interesante encuentro en la firma Curtis, Mallet-Prevost, Colt &amp; Mosle, donde Ana Amador nos recibi\u00f3 para compartir su experiencia en el \u00e1mbito legal internacional y su perspectiva sobre el papel de las grandes firmas de abogados en un mundo globalizado.<\/p>\n\n\n\n<p>Este cuarto d\u00eda en Nueva York ha sido un ejemplo perfecto de la diversidad y profundidad de conocimientos que nos ofrece el programa Movers by FUE. \u00a1No podr\u00edamos estar m\u00e1s agradecidos por estas oportunidades de aprendizaje y conexi\u00f3n!<\/p>\n\n\n\n<figure class=\"wp-block-embed is-type-video is-provider-youtube wp-block-embed-youtube wp-embed-aspect-16-9 wp-has-aspect-ratio\"><div class=\"wp-block-embed__wrapper\">\n<iframe loading=\"lazy\" title=\"D\u00cdA 3. MOVERS 7\u00aa EDICI\u00d3N | Formaci\u00f3n EEUU\" width=\"1500\" height=\"844\" src=\"https:\/\/www.youtube.com\/embed\/bFOGDxiDo_U?list=PL_Lie5VA7bP_x9h02K12Hd_XDpBmkHJOn\" frameborder=\"0\" allow=\"accelerometer; autoplay; clipboard-write; encrypted-media; gyroscope; picture-in-picture; web-share\" referrerpolicy=\"strict-origin-when-cross-origin\" allowfullscreen><\/iframe>\n<\/div><\/figure>\n","protected":false},"excerpt":{"rendered":"<p>El cuarto d\u00eda de nuestra experiencia en Movers by FUE ha estado cargado de encuentros valiosos en la vibrante ciudad de Nueva York. Iniciamos la jornada en&#8230;<\/p>\n","protected":false},"author":3,"featured_media":7163,"comment_status":"closed","ping_status":"open","sticky":false,"template":"","format":"standard","meta":{"footnotes":""},"categories":[3],"tags":[45,34,38,32,37],"_links":{"self":[{"href":"https:\/\/moversbyfue.com\/secciones\/wp-json\/wp\/v2\/posts\/7162"}],"collection":[{"href":"https:\/\/moversbyfue.com\/secciones\/wp-json\/wp\/v2\/posts"}],"about":[{"href":"https:\/\/moversbyfue.com\/secciones\/wp-json\/wp\/v2\/types\/post"}],"author":[{"embeddable":true,"href":"https:\/\/moversbyfue.com\/secciones\/wp-json\/wp\/v2\/users\/3"}],"replies":[{"embeddable":true,"href":"https:\/\/moversbyfue.com\/secciones\/wp-json\/wp\/v2\/comments?post=7162"}],"version-history":[{"count":1,"href":"https:\/\/moversbyfue.com\/secciones\/wp-json\/wp\/v2\/posts\/7162\/revisions"}],"predecessor-version":[{"id":7164,"href":"https:\/\/moversbyfue.com\/secciones\/wp-json\/wp\/v2\/posts\/7162\/revisions\/7164"}],"wp:featuredmedia":[{"embeddable":true,"href":"https:\/\/moversbyfue.com\/secciones\/wp-json\/wp\/v2\/media\/7163"}],"wp:attachment":[{"href":"https:\/\/moversbyfue.com\/secciones\/wp-json\/wp\/v2\/media?parent=7162"}],"wp:term":[{"taxonomy":"category","embeddable":true,"href":"https:\/\/moversbyfue.com\/secciones\/wp-json\/wp\/v2\/categories?post=7162"},{"taxonomy":"post_tag","embeddable":true,"href":"https:\/\/moversbyfue.com\/secciones\/wp-json\/wp\/v2\/tags?post=7162"}],"curies":[{"name":"wp","href":"https:\/\/api.w.org\/{rel}","templated":true}]}}